{"id":32304,"date":"2019-01-22T11:48:39","date_gmt":"2019-01-22T10:48:39","guid":{"rendered":"https:\/\/stolz-gmbh.com\/?p=32304"},"modified":"2019-01-22T13:55:01","modified_gmt":"2019-01-22T12:55:01","slug":"stolz-auf-der-ellwanger-ausbildungs-und-studienmesse","status":"publish","type":"post","link":"https:\/\/stolz-gmbh.com\/en\/2019\/01\/22\/stolz-auf-der-ellwanger-ausbildungs-und-studienmesse\/","title":{"rendered":"STOLZ auf der Ellwanger Ausbildungs- und Studienmesse"},"content":{"rendered":"<p>Am 24 November 2018 fand erneut die Ausbildungs- und Studienmesse im Kreisberufsschulzentrum Ellwangen statt. Auch STOLZ pr\u00e4sentierte sich auf der Messe unter rund 140 Ausbildungsbetrieben aus Handwerk, Industrie, Banken und weiteren Bereichen.<br \/>\nSTOLZ war mit der Gesch\u00e4ftsleitung, Frau Stolz-Lingel, dem Ausbildungsleiter Florian Mo\u00dfhammer, dem Auszubildenden Marc Schwarz und dem Angestellten Marco Bronner (ehemals Auszubildender bei STOLZ) vor Ort und \u00fcberzeugte Interessenten von dem spannenden Beruf des Zerspanungsmechanikers und den Ausbildungsm\u00f6glichkeiten bei der Firma STOLZ.<\/p>\n<p><img class=\"size-medium wp-image-32300 alignleft\" src=\"https:\/\/stolz-gmbh.com\/wp-content\/uploads\/2019\/01\/Bild-Azubi-Messe-Ellwangen-300x203.jpg\" alt=\"\" width=\"600\" height=\"406\" srcset=\"https:\/\/stolz-gmbh.com\/wp-content\/uploads\/2019\/01\/Bild-Azubi-Messe-Ellwangen-300x203.jpg 300w, https:\/\/stolz-gmbh.com\/wp-content\/uploads\/2019\/01\/Bild-Azubi-Messe-Ellwangen-768x520.jpg 768w, https:\/\/stolz-gmbh.com\/wp-content\/uploads\/2019\/01\/Bild-Azubi-Messe-Ellwangen-1024x693.jpg 1024w, https:\/\/stolz-gmbh.com\/wp-content\/uploads\/2019\/01\/Bild-Azubi-Messe-Ellwangen.jpg 1533w\" sizes=\"(max-width: 600px) 100vw, 600px\" \/><\/p>\n<p>Auf dem Bild zu sehen (von links nach rechts): Marco Bronner, Florian Mo\u00dfhammer, Marc Schwarz<\/p>\n<p>Die Firma STOLZ legt seit Anbeginn Ihrer T\u00e4tigkeit viel Wert auf eine eigene Ausbildung. Dieses Jahr erst wurde die Azubi-Werkstatt komplett modernisiert.<br \/>\nFrau Stolz-Lingel kommentiert, dass es der Firma STOLZ wichtig ist Fachpersonal auszubilden und auch danach im Unternehmen weiterzuentwickeln. Es sei, heute mehr denn je, von gro\u00dfer Bedeutung Fachkr\u00e4fte zu sichern um langfristig wettbewerbsf\u00e4hig zu bleiben. Sie freute sich \u00fcber den regen Besuch des Messestandes.<\/p>","protected":false},"excerpt":{"rendered":"<p>Am 24 November 2018 fand erneut die Ausbildungs- und Studienmesse im Kreisberufsschulzentrum Ellwangen statt. Auch STOLZ pr\u00e4sentierte sich auf der&#8230;<\/p>","protected":false},"author":3,"featured_media":32300,"comment_status":"closed","ping_status":"closed","sticky":false,"template":"","format":"standard","meta":{"inline_featured_image":false,"footnotes":""},"categories":[1],"tags":[],"class_list":["post-32304","post","type-post","status-publish","format-standard","has-post-thumbnail","category-allgemein"],"menu_order":0,"_links":{"self":[{"href":"https:\/\/stolz-gmbh.com\/en\/wp-json\/wp\/v2\/posts\/32304","targetHints":{"allow":["GET"]}}],"collection":[{"href":"https:\/\/stolz-gmbh.com\/en\/wp-json\/wp\/v2\/posts"}],"about":[{"href":"https:\/\/stolz-gmbh.com\/en\/wp-json\/wp\/v2\/types\/post"}],"author":[{"embeddable":true,"href":"https:\/\/stolz-gmbh.com\/en\/wp-json\/wp\/v2\/users\/3"}],"replies":[{"embeddable":true,"href":"https:\/\/stolz-gmbh.com\/en\/wp-json\/wp\/v2\/comments?post=32304"}],"version-history":[{"count":0,"href":"https:\/\/stolz-gmbh.com\/en\/wp-json\/wp\/v2\/posts\/32304\/revisions"}],"wp:attachment":[{"href":"https:\/\/stolz-gmbh.com\/en\/wp-json\/wp\/v2\/media?parent=32304"}],"wp:term":[{"taxonomy":"category","embeddable":true,"href":"https:\/\/stolz-gmbh.com\/en\/wp-json\/wp\/v2\/categories?post=32304"},{"taxonomy":"post_tag","embeddable":true,"href":"https:\/\/stolz-gmbh.com\/en\/wp-json\/wp\/v2\/tags?post=32304"}],"curies":[{"name":"wp","href":"https:\/\/api.w.org\/{rel}","templated":true}]}}